{"short_name":"Anthony","name":"Anthony Dehodencq","icons":[{"src":"https:\/\/dvqlxo2m2q99q.cloudfront.net\/000_clients\/767587\/file\/48x48-767587gqItcTUU.gif","sizes":"48x48","type":"image\/gif","purpose":"any maskable"},{"src":"https:\/\/dvqlxo2m2q99q.cloudfront.net\/000_clients\/767587\/file\/72x72-767587gqItcTUU.gif","sizes":"72x72","type":"image\/gif","purpose":"any maskable"},{"src":"https:\/\/dvqlxo2m2q99q.cloudfront.net\/000_clients\/767587\/file\/96x96-767587gqItcTUU.gif","sizes":"96x96","type":"image\/gif","purpose":"any maskable"},{"src":"https:\/\/dvqlxo2m2q99q.cloudfront.net\/000_clients\/767587\/file\/16x16-767587gqItcTUU.gif","sizes":"16x16","type":"image\/gif","purpose":"any maskable"},{"src":"https:\/\/dvqlxo2m2q99q.cloudfront.net\/000_clients\/767587\/file\/144x144-767587gqItcTUU.gif","sizes":"144x144","type":"image\/gif","purpose":"any maskable"},{"src":"https:\/\/dvqlxo2m2q99q.cloudfront.net\/000_clients\/767587\/file\/168x168-767587gqItcTUU.gif","sizes":"168x168","type":"image\/gif","purpose":"any maskable"},{"src":"https:\/\/dvqlxo2m2q99q.cloudfront.net\/000_clients\/767587\/file\/192x192-767587gqItcTUU.gif","sizes":"192x192","type":"image\/gif","purpose":"any maskable"}],"start_url":"\/","scope":"\/","display":"standalone","lang":"en","background_color":"#f1f1f1","description":"Photographe et vid\u00e9aste \u00e0 paris, disponible pour vos portraits en ext\u00e9rieur et int\u00e9rieur. Mais aussi, pour vos tournages vid\u00e9os. ","orientation":"portrait-primary","theme_color":"#f1f1f1","related_applications":[{"platform":"web","url":"http:\/\/www.anthonydehodencq.com"}]}